{"id":505,"date":"2017-05-31T00:11:54","date_gmt":"2017-05-30T23:11:54","guid":{"rendered":"http:\/\/businesspt.pt\/wpbpt\/?p=505"},"modified":"2017-06-02T08:56:35","modified_gmt":"2017-06-02T07:56:35","slug":"vii-gala-montepio-acredita-portugal","status":"publish","type":"post","link":"https:\/\/businesspt.pt\/wpbpt\/vii-gala-montepio-acredita-portugal\/","title":{"rendered":"VII Gala Montepio Acredita Portugal"},"content":{"rendered":"<h3>Preparados para conhecer algumas das melhores das start-ups do pa\u00eds? Estejam convidados para a VII Gala Montepio Acredita Portugal<\/h3>\n<p>&nbsp;<\/p>\n<div id=\"attachment_515\" style=\"width: 719px\" class=\"wp-caption alignleft\"><a href=\"https:\/\/www.eventbrite.pt\/e\/bilhetes-vii-gala-montepio-acredita-portugal-33389734595?aff=parceiros\" target=\"_blank\" rel=\"noopener noreferrer\"><img loading=\"lazy\" decoding=\"async\" aria-describedby=\"caption-attachment-515\" class=\"wp-image-515\" src=\"http:\/\/businesspt.pt\/wpbpt\/wp-content\/uploads\/2017\/05\/Cartaz-VII-Gala.png\" alt=\"VII Gala Montepio Acredita Portugal\" width=\"709\" height=\"344\" \/><\/a><p id=\"caption-attachment-515\" class=\"wp-caption-text\">VII Gala Montepio Acredita Portugal<\/p><\/div>\n<p><a href=\"https:\/\/www.eventbrite.pt\/e\/bilhetes-vii-gala-montepio-acredita-portugal-33389734595?aff=parceiros\" target=\"_blank\" rel=\"noopener noreferrer\">Est\u00e3o todos convidados <\/a>para acompanharem a VII Gala Montepio Acredita Portugal e\u00a0ficarem a saber tudo sobre como ser\u00e1 o futuro das Startups mais inovadoras do pa\u00eds!<\/p>\n<p>&nbsp;<\/p>\n<p>&nbsp;<\/p>\n<p>&nbsp;<\/p>\n<p>N\u00f3s da <a href=\"http:\/\/www.businesspt.pt\" target=\"_blank\" rel=\"noopener noreferrer\">Business Portugal<\/a>\u00a0fomos convidados e oferecemos mentoria para a <a href=\"http:\/\/footwizzi.com\/\" target=\"_blank\" rel=\"noopener noreferrer\">Footwizzi<\/a>:\u00a0Startup\u00a0criada no Porto que pretende al\u00e9m de apenas uma loja online, criar a melhor rela\u00e7\u00e3o entre parceiros e clientes baseado na confian\u00e7a e transpar\u00eancia a garantir a compra de produtos de alta qualidade e claro, levar o cal\u00e7ado Portugu\u00eas para al\u00e9m das fronteiras.<\/p>\n<p>&nbsp;<\/p>\n<p>&nbsp;<\/p>\n<p>&nbsp;<\/p>\n<p>&nbsp;<\/p>\n<p>&nbsp;<\/p>\n<p>Esta atividade, desenvolvida durante 5 semanas, possibilitou verificar a metodologia do programa, o acompanhamento e evolu\u00e7\u00e3o das equipas.<\/p>\n<p>Nesta 7\u00ba edi\u00e7\u00e3o tamb\u00e9m foi verificado o alto n\u00edvel dos projetos, escolhidos entre mais de 13 mil inscri\u00e7\u00f5es o que demonstra um ponto de maturidade no cen\u00e1rio empreendedor de Portugal.<\/p>\n<p><a href=\"http:\/\/www.acreditaportugal.pt\/noticias\/finalistas-concurso-montepio-acredita-portugal\/\" target=\"_blank\" rel=\"noopener noreferrer\">Podes conhecer AQUI tamb\u00e9m a lista dos finalistas.<\/a><\/p>\n<p>&nbsp;<\/p>\n<div id=\"attachment_510\" style=\"width: 874px\" class=\"wp-caption alignnone\"><a href=\"https:\/\/www.eventbrite.pt\/e\/bilhetes-vii-gala-montepio-acredita-portugal-33389734595?aff=parceiros\" target=\"_blank\" rel=\"noopener noreferrer\"><img loading=\"lazy\" decoding=\"async\" aria-describedby=\"caption-attachment-510\" class=\"wp-image-510 size-full\" src=\"http:\/\/businesspt.pt\/wpbpt\/wp-content\/uploads\/2017\/05\/Venue.png\" alt=\"Local do Evento VII Gala Montepio Acredita Portugal\" width=\"864\" height=\"476\" \/><\/a><p id=\"caption-attachment-510\" class=\"wp-caption-text\">VII Gala Acredita Montepio Portugal<\/p><\/div>\n<p>Nos encontramos todos l\u00e1 na pr\u00f3xima sexta feira dia 02\/06 para apreciar este grande evento!<\/p>\n<p>&nbsp;<\/p>\n<p>&nbsp;<\/p>\n<div id=\"attachment_507\" style=\"width: 475px\" class=\"wp-caption alignnone\"><a href=\"http:\/\/footwizzi.com\/\" target=\"_blank\" rel=\"noopener noreferrer\"><img loading=\"lazy\" decoding=\"async\" aria-describedby=\"caption-attachment-507\" class=\"wp-image-507\" src=\"http:\/\/businesspt.pt\/wpbpt\/wp-content\/uploads\/2017\/05\/footwizzi.png\" alt=\"FootWizzi VII Gala Montepio Acredita Portugal\" width=\"465\" height=\"249\" \/><\/a><p id=\"caption-attachment-507\" class=\"wp-caption-text\">Conhe\u00e7a aqui a Footwizzi &#8211; Mentorados pela Business Portugal a apresentarem-se na VII Gala Acredita Portugal<\/p><\/div>\n<p>&nbsp;<\/p>\n<div id=\"attachment_508\" style=\"width: 463px\" class=\"wp-caption alignnone\"><a href=\"http:\/\/www.acreditaportugal.pt\" target=\"_blank\" rel=\"noopener noreferrer\"><img loading=\"lazy\" decoding=\"async\" aria-describedby=\"caption-attachment-508\" class=\"wp-image-508\" title=\"VII Gala Montepio Acredita Portugal\" src=\"http:\/\/businesspt.pt\/wpbpt\/wp-content\/uploads\/2017\/05\/logo-acredita.png\" alt=\"VII Gala Montepio Acredita Portugal\" width=\"453\" height=\"234\" \/><\/a><p id=\"caption-attachment-508\" class=\"wp-caption-text\">Acredita Portugal<\/p><\/div>\n<p>&nbsp;<\/p>\n<div id=\"attachment_509\" style=\"width: 459px\" class=\"wp-caption alignnone\"><a href=\"https:\/\/www.montepio.pt\/\" target=\"_blank\" rel=\"noopener noreferrer\"><img loading=\"lazy\" decoding=\"async\" aria-describedby=\"caption-attachment-509\" class=\"wp-image-509\" title=\"VII Gala Montepio Acredita Portugal\" src=\"http:\/\/businesspt.pt\/wpbpt\/wp-content\/uploads\/2017\/05\/montepio.png\" alt=\"VII Gala Montepio Acredita Portugal\" width=\"449\" height=\"257\" \/><\/a><p id=\"caption-attachment-509\" class=\"wp-caption-text\">Unicorn Partner<\/p><\/div>\n<p>&nbsp;<\/p>\n<p>&nbsp;<\/p>\n<p>Se busca tamb\u00e9m mentoria para sua empresa ou Startup, podemos lhe prestar este apoio.<br \/>\nSeja com sess\u00f5es de estrat\u00e9gia e planeamento, proposta de valor e canvas. Envie-nos uma mensagem e saiba mais.<\/p>\n","protected":false},"excerpt":{"rendered":"<p>Preparados para conhecer algumas das melhores das start-ups do pa\u00eds? Estejam convidados para a VII Gala Montepio Acredita Portugal &nbsp; Est\u00e3o todos convidados para acompanharem a VII Gala Montepio Acredita Portugal e\u00a0ficarem a saber tudo sobre como ser\u00e1 o futuro das Startups mais inovadoras do pa\u00eds! &nbsp; &nbsp; &nbsp; N\u00f3s da Business Portugal\u00a0fomos convidados e [&hellip;]<\/p>\n","protected":false},"author":2,"featured_media":511,"comment_status":"open","ping_status":"open","sticky":false,"template":"","format":"standard","meta":{"_exactmetrics_skip_tracking":false,"_exactmetrics_sitenote_active":false,"_exactmetrics_sitenote_note":"","_exactmetrics_sitenote_category":0,"footnotes":""},"categories":[3],"tags":[26,42,102,103,44,47,91,111,104],"class_list":["post-505","post","type-post","status-publish","format-standard","has-post-thumbnail","hentry","category-artigos","tag-business","tag-business-plan","tag-canvas","tag-mentoria","tag-negocios","tag-plano-de-negocios","tag-portugal","tag-proposta-de-valor","tag-startups"],"yoast_head":"<!-- This site is optimized with the Yoast SEO plugin v27.5 - https:\/\/yoast.com\/product\/yoast-seo-wordpress\/ -->\n<title>VII Gala Montepio Acredita Portugal<\/title>\n<meta name=\"description\" content=\"Est\u00e3o todos convidados para acompanharem a VII Gala Acredita Portugal - Montepio e ficarem a saber tudo sobre como ser\u00e1 o futuro das Startups em Portugal.\" \/>\n<meta name=\"robots\" content=\"index, follow, max-snippet:-1, max-image-preview:large, max-video-preview:-1\" \/>\n<link rel=\"canonical\" href=\"https:\/\/businesspt.pt\/wpbpt\/vii-gala-montepio-acredita-portugal\/\" \/>\n<meta property=\"og:locale\" content=\"pt_PT\" \/>\n<meta property=\"og:type\" content=\"article\" \/>\n<meta property=\"og:title\" content=\"VII Gala Montepio Acredita Portugal\" \/>\n<meta property=\"og:description\" content=\"Est\u00e3o todos convidados para acompanharem a VII Gala Acredita Portugal - Montepio e ficarem a saber tudo sobre como ser\u00e1 o futuro das Startups em Portugal.\" \/>\n<meta property=\"og:url\" content=\"https:\/\/businesspt.pt\/wpbpt\/vii-gala-montepio-acredita-portugal\/\" \/>\n<meta property=\"og:site_name\" content=\"Business Portugal\" \/>\n<meta property=\"article:publisher\" content=\"http:\/\/www.facebook.com\/businessportugal\/\" \/>\n<meta property=\"article:author\" content=\"https:\/\/www.facebook.com\/1986andre\" \/>\n<meta property=\"article:published_time\" content=\"2017-05-30T23:11:54+00:00\" \/>\n<meta property=\"article:modified_time\" content=\"2017-06-02T07:56:35+00:00\" \/>\n<meta property=\"og:image\" content=\"https:\/\/businesspt.pt\/wpbpt\/wp-content\/uploads\/2017\/05\/banner.png\" \/>\n\t<meta property=\"og:image:width\" content=\"1035\" \/>\n\t<meta property=\"og:image:height\" content=\"394\" \/>\n\t<meta property=\"og:image:type\" content=\"image\/png\" \/>\n<meta name=\"author\" content=\"Andr\u00e9 Almeida\" \/>\n<meta name=\"twitter:card\" content=\"summary_large_image\" \/>\n<meta name=\"twitter:label1\" content=\"Escrito por\" \/>\n\t<meta name=\"twitter:data1\" content=\"Andr\u00e9 Almeida\" \/>\n\t<meta name=\"twitter:label2\" content=\"Tempo estimado de leitura\" \/>\n\t<meta name=\"twitter:data2\" content=\"2 minutes\" \/>\n<script type=\"application\/ld+json\" class=\"yoast-schema-graph\">{\"@context\":\"https:\\\/\\\/schema.org\",\"@graph\":[{\"@type\":\"Article\",\"@id\":\"https:\\\/\\\/businesspt.pt\\\/wpbpt\\\/vii-gala-montepio-acredita-portugal\\\/#article\",\"isPartOf\":{\"@id\":\"https:\\\/\\\/businesspt.pt\\\/wpbpt\\\/vii-gala-montepio-acredita-portugal\\\/\"},\"author\":{\"name\":\"Andr\u00e9 Almeida\",\"@id\":\"https:\\\/\\\/businesspt.pt\\\/wpbpt\\\/#\\\/schema\\\/person\\\/0dfe035e0a818a3cb8964ce0423c381c\"},\"headline\":\"VII Gala Montepio Acredita Portugal\",\"datePublished\":\"2017-05-30T23:11:54+00:00\",\"dateModified\":\"2017-06-02T07:56:35+00:00\",\"mainEntityOfPage\":{\"@id\":\"https:\\\/\\\/businesspt.pt\\\/wpbpt\\\/vii-gala-montepio-acredita-portugal\\\/\"},\"wordCount\":310,\"commentCount\":0,\"publisher\":{\"@id\":\"https:\\\/\\\/businesspt.pt\\\/wpbpt\\\/#organization\"},\"image\":{\"@id\":\"https:\\\/\\\/businesspt.pt\\\/wpbpt\\\/vii-gala-montepio-acredita-portugal\\\/#primaryimage\"},\"thumbnailUrl\":\"https:\\\/\\\/businesspt.pt\\\/wpbpt\\\/wp-content\\\/uploads\\\/2017\\\/05\\\/banner.png\",\"keywords\":[\"business\",\"business plan\",\"canvas\",\"mentoria\",\"neg\u00f3cios\",\"plano de neg\u00f3cios\",\"portugal\",\"proposta de valor\",\"startups\"],\"articleSection\":[\"Artigos\"],\"inLanguage\":\"pt-PT\",\"potentialAction\":[{\"@type\":\"CommentAction\",\"name\":\"Comment\",\"target\":[\"https:\\\/\\\/businesspt.pt\\\/wpbpt\\\/vii-gala-montepio-acredita-portugal\\\/#respond\"]}]},{\"@type\":\"WebPage\",\"@id\":\"https:\\\/\\\/businesspt.pt\\\/wpbpt\\\/vii-gala-montepio-acredita-portugal\\\/\",\"url\":\"https:\\\/\\\/businesspt.pt\\\/wpbpt\\\/vii-gala-montepio-acredita-portugal\\\/\",\"name\":\"VII Gala Montepio Acredita Portugal\",\"isPartOf\":{\"@id\":\"https:\\\/\\\/businesspt.pt\\\/wpbpt\\\/#website\"},\"primaryImageOfPage\":{\"@id\":\"https:\\\/\\\/businesspt.pt\\\/wpbpt\\\/vii-gala-montepio-acredita-portugal\\\/#primaryimage\"},\"image\":{\"@id\":\"https:\\\/\\\/businesspt.pt\\\/wpbpt\\\/vii-gala-montepio-acredita-portugal\\\/#primaryimage\"},\"thumbnailUrl\":\"https:\\\/\\\/businesspt.pt\\\/wpbpt\\\/wp-content\\\/uploads\\\/2017\\\/05\\\/banner.png\",\"datePublished\":\"2017-05-30T23:11:54+00:00\",\"dateModified\":\"2017-06-02T07:56:35+00:00\",\"description\":\"Est\u00e3o todos convidados para acompanharem a VII Gala Acredita Portugal - Montepio e ficarem a saber tudo sobre como ser\u00e1 o futuro das Startups em Portugal.\",\"breadcrumb\":{\"@id\":\"https:\\\/\\\/businesspt.pt\\\/wpbpt\\\/vii-gala-montepio-acredita-portugal\\\/#breadcrumb\"},\"inLanguage\":\"pt-PT\",\"potentialAction\":[{\"@type\":\"ReadAction\",\"target\":[\"https:\\\/\\\/businesspt.pt\\\/wpbpt\\\/vii-gala-montepio-acredita-portugal\\\/\"]}]},{\"@type\":\"ImageObject\",\"inLanguage\":\"pt-PT\",\"@id\":\"https:\\\/\\\/businesspt.pt\\\/wpbpt\\\/vii-gala-montepio-acredita-portugal\\\/#primaryimage\",\"url\":\"https:\\\/\\\/businesspt.pt\\\/wpbpt\\\/wp-content\\\/uploads\\\/2017\\\/05\\\/banner.png\",\"contentUrl\":\"https:\\\/\\\/businesspt.pt\\\/wpbpt\\\/wp-content\\\/uploads\\\/2017\\\/05\\\/banner.png\",\"width\":1035,\"height\":394,\"caption\":\"VII Gala Acredita Portugal\"},{\"@type\":\"BreadcrumbList\",\"@id\":\"https:\\\/\\\/businesspt.pt\\\/wpbpt\\\/vii-gala-montepio-acredita-portugal\\\/#breadcrumb\",\"itemListElement\":[{\"@type\":\"ListItem\",\"position\":1,\"name\":\"Home\",\"item\":\"https:\\\/\\\/businesspt.pt\\\/wpbpt\\\/\"},{\"@type\":\"ListItem\",\"position\":2,\"name\":\"VII Gala Montepio Acredita Portugal\"}]},{\"@type\":\"WebSite\",\"@id\":\"https:\\\/\\\/businesspt.pt\\\/wpbpt\\\/#website\",\"url\":\"https:\\\/\\\/businesspt.pt\\\/wpbpt\\\/\",\"name\":\"Business Portugal\",\"description\":\"Business Portugal\",\"publisher\":{\"@id\":\"https:\\\/\\\/businesspt.pt\\\/wpbpt\\\/#organization\"},\"potentialAction\":[{\"@type\":\"SearchAction\",\"target\":{\"@type\":\"EntryPoint\",\"urlTemplate\":\"https:\\\/\\\/businesspt.pt\\\/wpbpt\\\/?s={search_term_string}\"},\"query-input\":{\"@type\":\"PropertyValueSpecification\",\"valueRequired\":true,\"valueName\":\"search_term_string\"}}],\"inLanguage\":\"pt-PT\"},{\"@type\":\"Organization\",\"@id\":\"https:\\\/\\\/businesspt.pt\\\/wpbpt\\\/#organization\",\"name\":\"ANDR\u00c9 LUIZ DE ALMEIDA - TECHNOLOGY CONSULTING, UNIPESSOAL, LDA\",\"url\":\"https:\\\/\\\/businesspt.pt\\\/wpbpt\\\/\",\"logo\":{\"@type\":\"ImageObject\",\"inLanguage\":\"pt-PT\",\"@id\":\"https:\\\/\\\/businesspt.pt\\\/wpbpt\\\/#\\\/schema\\\/logo\\\/image\\\/\",\"url\":\"https:\\\/\\\/businesspt.pt\\\/wpbpt\\\/wp-content\\\/uploads\\\/2015\\\/10\\\/bpt-icon.png\",\"contentUrl\":\"https:\\\/\\\/businesspt.pt\\\/wpbpt\\\/wp-content\\\/uploads\\\/2015\\\/10\\\/bpt-icon.png\",\"width\":512,\"height\":512,\"caption\":\"ANDR\u00c9 LUIZ DE ALMEIDA - TECHNOLOGY CONSULTING, UNIPESSOAL, LDA\"},\"image\":{\"@id\":\"https:\\\/\\\/businesspt.pt\\\/wpbpt\\\/#\\\/schema\\\/logo\\\/image\\\/\"},\"sameAs\":[\"http:\\\/\\\/www.facebook.com\\\/businessportugal\\\/\",\"http:\\\/\\\/bit.ly\\\/andrepmgr\"]},{\"@type\":\"Person\",\"@id\":\"https:\\\/\\\/businesspt.pt\\\/wpbpt\\\/#\\\/schema\\\/person\\\/0dfe035e0a818a3cb8964ce0423c381c\",\"name\":\"Andr\u00e9 Almeida\",\"image\":{\"@type\":\"ImageObject\",\"inLanguage\":\"pt-PT\",\"@id\":\"https:\\\/\\\/secure.gravatar.com\\\/avatar\\\/03d69fba3f613eb55580eb06ac37041f?s=96&d=mm&r=g\",\"url\":\"https:\\\/\\\/secure.gravatar.com\\\/avatar\\\/03d69fba3f613eb55580eb06ac37041f?s=96&d=mm&r=g\",\"contentUrl\":\"https:\\\/\\\/secure.gravatar.com\\\/avatar\\\/03d69fba3f613eb55580eb06ac37041f?s=96&d=mm&r=g\",\"caption\":\"Andr\u00e9 Almeida\"},\"description\":\"Andr\u00e9 Luiz de Almeida: Empreendedor Fundador da Business Portugal Lisbon City Chapter Director no Startup Grind Lisboa - Google for Entrepreneurs. Atuo a mais de 10 anos na \u00e1rea de tecnologia. Iniciei como curioso e com muita leitura sobre computadores e tecnologias do in\u00edcio dos anos 2000. Sim, mesmo atualmente, deve-se ler muito tamb\u00e9m Sou Formado em Eletr\u00f4nica (2005), Tecnico em Inform\u00e1tica (2007), Sistemas de Informa\u00e7\u00e3o (2011) e P\u00f3s-Graduado em Ger\u00eancia de Projetos (2014). Vivi fora do Brasil por 14 meses em Luanda, capital de Angola fornecendo Consultorias de implanta\u00e7\u00e3o de Softwares de Gest\u00e3o e hoje trabalho Liderando uma pequena equipe de Suporte e Cria\u00e7\u00e3o de Software ERP em Curitiba-PR e estou iniciando seu 1\u00ba empreendimento individual fora do Pa\u00eds. Nunca paro de estudar. A tecnologia e facilidades da internet e MOOCS nos possibilitam estar sempre atualizados e aprendendo novas coisas. Hobbies: Viajar, Ciclismo, Motociclismo e Automobilismo. Me contate no LinkedIn: bit.ly\\\/andrepmgr ou em contato@businesspt.pt\",\"sameAs\":[\"http:\\\/\\\/www.businesspt.pt\",\"https:\\\/\\\/www.facebook.com\\\/1986andre\"],\"url\":\"https:\\\/\\\/businesspt.pt\\\/wpbpt\\\/author\\\/andre\\\/\"}]}<\/script>\n<!-- \/ Yoast SEO plugin. -->","yoast_head_json":{"title":"VII Gala Montepio Acredita Portugal","description":"Est\u00e3o todos convidados para acompanharem a VII Gala Acredita Portugal - Montepio e ficarem a saber tudo sobre como ser\u00e1 o futuro das Startups em Portugal.","robots":{"index":"index","follow":"follow","max-snippet":"max-snippet:-1","max-image-preview":"max-image-preview:large","max-video-preview":"max-video-preview:-1"},"canonical":"https:\/\/businesspt.pt\/wpbpt\/vii-gala-montepio-acredita-portugal\/","og_locale":"pt_PT","og_type":"article","og_title":"VII Gala Montepio Acredita Portugal","og_description":"Est\u00e3o todos convidados para acompanharem a VII Gala Acredita Portugal - Montepio e ficarem a saber tudo sobre como ser\u00e1 o futuro das Startups em Portugal.","og_url":"https:\/\/businesspt.pt\/wpbpt\/vii-gala-montepio-acredita-portugal\/","og_site_name":"Business Portugal","article_publisher":"http:\/\/www.facebook.com\/businessportugal\/","article_author":"https:\/\/www.facebook.com\/1986andre","article_published_time":"2017-05-30T23:11:54+00:00","article_modified_time":"2017-06-02T07:56:35+00:00","og_image":[{"width":1035,"height":394,"url":"https:\/\/businesspt.pt\/wpbpt\/wp-content\/uploads\/2017\/05\/banner.png","type":"image\/png"}],"author":"Andr\u00e9 Almeida","twitter_card":"summary_large_image","twitter_misc":{"Escrito por":"Andr\u00e9 Almeida","Tempo estimado de leitura":"2 minutes"},"schema":{"@context":"https:\/\/schema.org","@graph":[{"@type":"Article","@id":"https:\/\/businesspt.pt\/wpbpt\/vii-gala-montepio-acredita-portugal\/#article","isPartOf":{"@id":"https:\/\/businesspt.pt\/wpbpt\/vii-gala-montepio-acredita-portugal\/"},"author":{"name":"Andr\u00e9 Almeida","@id":"https:\/\/businesspt.pt\/wpbpt\/#\/schema\/person\/0dfe035e0a818a3cb8964ce0423c381c"},"headline":"VII Gala Montepio Acredita Portugal","datePublished":"2017-05-30T23:11:54+00:00","dateModified":"2017-06-02T07:56:35+00:00","mainEntityOfPage":{"@id":"https:\/\/businesspt.pt\/wpbpt\/vii-gala-montepio-acredita-portugal\/"},"wordCount":310,"commentCount":0,"publisher":{"@id":"https:\/\/businesspt.pt\/wpbpt\/#organization"},"image":{"@id":"https:\/\/businesspt.pt\/wpbpt\/vii-gala-montepio-acredita-portugal\/#primaryimage"},"thumbnailUrl":"https:\/\/businesspt.pt\/wpbpt\/wp-content\/uploads\/2017\/05\/banner.png","keywords":["business","business plan","canvas","mentoria","neg\u00f3cios","plano de neg\u00f3cios","portugal","proposta de valor","startups"],"articleSection":["Artigos"],"inLanguage":"pt-PT","potentialAction":[{"@type":"CommentAction","name":"Comment","target":["https:\/\/businesspt.pt\/wpbpt\/vii-gala-montepio-acredita-portugal\/#respond"]}]},{"@type":"WebPage","@id":"https:\/\/businesspt.pt\/wpbpt\/vii-gala-montepio-acredita-portugal\/","url":"https:\/\/businesspt.pt\/wpbpt\/vii-gala-montepio-acredita-portugal\/","name":"VII Gala Montepio Acredita Portugal","isPartOf":{"@id":"https:\/\/businesspt.pt\/wpbpt\/#website"},"primaryImageOfPage":{"@id":"https:\/\/businesspt.pt\/wpbpt\/vii-gala-montepio-acredita-portugal\/#primaryimage"},"image":{"@id":"https:\/\/businesspt.pt\/wpbpt\/vii-gala-montepio-acredita-portugal\/#primaryimage"},"thumbnailUrl":"https:\/\/businesspt.pt\/wpbpt\/wp-content\/uploads\/2017\/05\/banner.png","datePublished":"2017-05-30T23:11:54+00:00","dateModified":"2017-06-02T07:56:35+00:00","description":"Est\u00e3o todos convidados para acompanharem a VII Gala Acredita Portugal - Montepio e ficarem a saber tudo sobre como ser\u00e1 o futuro das Startups em Portugal.","breadcrumb":{"@id":"https:\/\/businesspt.pt\/wpbpt\/vii-gala-montepio-acredita-portugal\/#breadcrumb"},"inLanguage":"pt-PT","potentialAction":[{"@type":"ReadAction","target":["https:\/\/businesspt.pt\/wpbpt\/vii-gala-montepio-acredita-portugal\/"]}]},{"@type":"ImageObject","inLanguage":"pt-PT","@id":"https:\/\/businesspt.pt\/wpbpt\/vii-gala-montepio-acredita-portugal\/#primaryimage","url":"https:\/\/businesspt.pt\/wpbpt\/wp-content\/uploads\/2017\/05\/banner.png","contentUrl":"https:\/\/businesspt.pt\/wpbpt\/wp-content\/uploads\/2017\/05\/banner.png","width":1035,"height":394,"caption":"VII Gala Acredita Portugal"},{"@type":"BreadcrumbList","@id":"https:\/\/businesspt.pt\/wpbpt\/vii-gala-montepio-acredita-portugal\/#breadcrumb","itemListElement":[{"@type":"ListItem","position":1,"name":"Home","item":"https:\/\/businesspt.pt\/wpbpt\/"},{"@type":"ListItem","position":2,"name":"VII Gala Montepio Acredita Portugal"}]},{"@type":"WebSite","@id":"https:\/\/businesspt.pt\/wpbpt\/#website","url":"https:\/\/businesspt.pt\/wpbpt\/","name":"Business Portugal","description":"Business Portugal","publisher":{"@id":"https:\/\/businesspt.pt\/wpbpt\/#organization"},"potentialAction":[{"@type":"SearchAction","target":{"@type":"EntryPoint","urlTemplate":"https:\/\/businesspt.pt\/wpbpt\/?s={search_term_string}"},"query-input":{"@type":"PropertyValueSpecification","valueRequired":true,"valueName":"search_term_string"}}],"inLanguage":"pt-PT"},{"@type":"Organization","@id":"https:\/\/businesspt.pt\/wpbpt\/#organization","name":"ANDR\u00c9 LUIZ DE ALMEIDA - TECHNOLOGY CONSULTING, UNIPESSOAL, LDA","url":"https:\/\/businesspt.pt\/wpbpt\/","logo":{"@type":"ImageObject","inLanguage":"pt-PT","@id":"https:\/\/businesspt.pt\/wpbpt\/#\/schema\/logo\/image\/","url":"https:\/\/businesspt.pt\/wpbpt\/wp-content\/uploads\/2015\/10\/bpt-icon.png","contentUrl":"https:\/\/businesspt.pt\/wpbpt\/wp-content\/uploads\/2015\/10\/bpt-icon.png","width":512,"height":512,"caption":"ANDR\u00c9 LUIZ DE ALMEIDA - TECHNOLOGY CONSULTING, UNIPESSOAL, LDA"},"image":{"@id":"https:\/\/businesspt.pt\/wpbpt\/#\/schema\/logo\/image\/"},"sameAs":["http:\/\/www.facebook.com\/businessportugal\/","http:\/\/bit.ly\/andrepmgr"]},{"@type":"Person","@id":"https:\/\/businesspt.pt\/wpbpt\/#\/schema\/person\/0dfe035e0a818a3cb8964ce0423c381c","name":"Andr\u00e9 Almeida","image":{"@type":"ImageObject","inLanguage":"pt-PT","@id":"https:\/\/secure.gravatar.com\/avatar\/03d69fba3f613eb55580eb06ac37041f?s=96&d=mm&r=g","url":"https:\/\/secure.gravatar.com\/avatar\/03d69fba3f613eb55580eb06ac37041f?s=96&d=mm&r=g","contentUrl":"https:\/\/secure.gravatar.com\/avatar\/03d69fba3f613eb55580eb06ac37041f?s=96&d=mm&r=g","caption":"Andr\u00e9 Almeida"},"description":"Andr\u00e9 Luiz de Almeida: Empreendedor Fundador da Business Portugal Lisbon City Chapter Director no Startup Grind Lisboa - Google for Entrepreneurs. Atuo a mais de 10 anos na \u00e1rea de tecnologia. Iniciei como curioso e com muita leitura sobre computadores e tecnologias do in\u00edcio dos anos 2000. Sim, mesmo atualmente, deve-se ler muito tamb\u00e9m Sou Formado em Eletr\u00f4nica (2005), Tecnico em Inform\u00e1tica (2007), Sistemas de Informa\u00e7\u00e3o (2011) e P\u00f3s-Graduado em Ger\u00eancia de Projetos (2014). Vivi fora do Brasil por 14 meses em Luanda, capital de Angola fornecendo Consultorias de implanta\u00e7\u00e3o de Softwares de Gest\u00e3o e hoje trabalho Liderando uma pequena equipe de Suporte e Cria\u00e7\u00e3o de Software ERP em Curitiba-PR e estou iniciando seu 1\u00ba empreendimento individual fora do Pa\u00eds. Nunca paro de estudar. A tecnologia e facilidades da internet e MOOCS nos possibilitam estar sempre atualizados e aprendendo novas coisas. Hobbies: Viajar, Ciclismo, Motociclismo e Automobilismo. Me contate no LinkedIn: bit.ly\/andrepmgr ou em contato@businesspt.pt","sameAs":["http:\/\/www.businesspt.pt","https:\/\/www.facebook.com\/1986andre"],"url":"https:\/\/businesspt.pt\/wpbpt\/author\/andre\/"}]}},"_links":{"self":[{"href":"https:\/\/businesspt.pt\/wpbpt\/wp-json\/wp\/v2\/posts\/505","targetHints":{"allow":["GET"]}}],"collection":[{"href":"https:\/\/businesspt.pt\/wpbpt\/wp-json\/wp\/v2\/posts"}],"about":[{"href":"https:\/\/businesspt.pt\/wpbpt\/wp-json\/wp\/v2\/types\/post"}],"author":[{"embeddable":true,"href":"https:\/\/businesspt.pt\/wpbpt\/wp-json\/wp\/v2\/users\/2"}],"replies":[{"embeddable":true,"href":"https:\/\/businesspt.pt\/wpbpt\/wp-json\/wp\/v2\/comments?post=505"}],"version-history":[{"count":6,"href":"https:\/\/businesspt.pt\/wpbpt\/wp-json\/wp\/v2\/posts\/505\/revisions"}],"predecessor-version":[{"id":534,"href":"https:\/\/businesspt.pt\/wpbpt\/wp-json\/wp\/v2\/posts\/505\/revisions\/534"}],"wp:featuredmedia":[{"embeddable":true,"href":"https:\/\/businesspt.pt\/wpbpt\/wp-json\/wp\/v2\/media\/511"}],"wp:attachment":[{"href":"https:\/\/businesspt.pt\/wpbpt\/wp-json\/wp\/v2\/media?parent=505"}],"wp:term":[{"taxonomy":"category","embeddable":true,"href":"https:\/\/businesspt.pt\/wpbpt\/wp-json\/wp\/v2\/categories?post=505"},{"taxonomy":"post_tag","embeddable":true,"href":"https:\/\/businesspt.pt\/wpbpt\/wp-json\/wp\/v2\/tags?post=505"}],"curies":[{"name":"wp","href":"https:\/\/api.w.org\/{rel}","templated":true}]}}