{"id":220,"date":"2017-01-16T20:51:48","date_gmt":"2017-01-16T19:51:48","guid":{"rendered":"http:\/\/businesspt.pt\/wpbpt\/?p=220"},"modified":"2017-01-16T20:51:48","modified_gmt":"2017-01-16T19:51:48","slug":"fef-2017-feira-empreendedorismo-franchising","status":"publish","type":"post","link":"https:\/\/businesspt.pt\/wpbpt\/fef-2017-feira-empreendedorismo-franchising\/","title":{"rendered":"FEF 2017 &#8211; Feira de Empreendedorismo e Franchising"},"content":{"rendered":"<p>O Empreendedor e a Associa\u00e7\u00e3o Portuguesa de Franchising ir\u00e3o organizar, nos dias <strong>24 e 25 de Mar\u00e7o<\/strong> de 2017, a <strong>FEF Lisboa 2017 &#8211; Feira de Empreendedorismo e Franchising<\/strong>.<\/p>\n<p>Este evento, que contar\u00e1 com o apoio da C\u00e2mara Municipal de Lisboa e a Cat\u00f3lica-Lisbon, tem a miss\u00e3o de assumir o seu importante relevo no panorama econ\u00f3mico local, pretendendo ser dinamizador de neg\u00f3cios e cria\u00e7\u00e3o de emprego na regi\u00e3o e o ponto de encontro entre empres\u00e1rios, empreendedores e entidades de apoio ao empreendedorismo.<\/p>\n<p>Inserida no cora\u00e7\u00e3o da cidade de Lisboa, o P\u00e1tio da Gal\u00e9 no Terreiro do Pa\u00e7o busca trazer todo tipo de convidados e empreendedores para o evento!<\/p>\n<p>&nbsp;<\/p>\n<div id=\"attachment_222\" style=\"width: 346px\" class=\"wp-caption alignnone\"><a href=\"http:\/\/businesspt.pt\/wpbpt\/wp-content\/uploads\/2017\/01\/Feira.png\"><img loading=\"lazy\" decoding=\"async\" aria-describedby=\"caption-attachment-222\" class=\" wp-image-222\" src=\"http:\/\/businesspt.pt\/wpbpt\/wp-content\/uploads\/2017\/01\/Feira.png\" alt=\"Empreendedorismo e Intera\u00e7\u00e3o\" width=\"336\" height=\"333\" \/><\/a><p id=\"caption-attachment-222\" class=\"wp-caption-text\">Empreendedorismo e Intera\u00e7\u00e3o<\/p><\/div>\n<p>&nbsp;<\/p>\n<p>A FEF Lisboa 2017 ocupar\u00e1 uma \u00e1rea de mais de 2.400 m2, divididos em duas \u00e1reas de exposi\u00e7\u00e3o distintas, Sal\u00e3o de Empreendedorismo e Sal\u00e3o de Franchising.<\/p>\n<p>O Sal\u00e3o de Empreendedorismo ser\u00e1 dividido em 5 espa\u00e7os tem\u00e1ticas:<\/p>\n<ul>\n<li>Aprender<\/li>\n<li>Planear<\/li>\n<li>Comunicar<\/li>\n<li>Inovar<\/li>\n<li>Conectar<\/li>\n<\/ul>\n<p>A Feira de Empreendedorismo e Franchising contar\u00e1 tamb\u00e9m com \u00e1reas para acolhimento e apoio ao empreendedor, palestras e outras actividades.<\/p>\n<p>N\u00f3s da Business Portugal, como parceiros do portal <a href=\"http:\/\/www.empreendedor.com\" target=\"_blank\">empreendedor.com<\/a>\u00a0estaremos a ofertar:<\/p>\n<ul>\n<li>Apoio ao empreendedor,<\/li>\n<li>Din\u00e2micas entre os convidados e expositores<\/li>\n<li>Retiradas de d\u00favidas em nossa consultoria para apoio a novos neg\u00f3cios e expans\u00e3o de neg\u00f3cios existentes.<\/li>\n<li>e muitas outras atividades ainda por definir.<\/li>\n<\/ul>\n<p>Os Stands j\u00e1 encontram-se dispon\u00edveis para que possas exp\u00f4r a tua marca, entre em contato direto em <a href=\"http:\/\/www.fef.com.pt\">www.fef.com.pt<\/a>\u00a0e informe que buscou pelo nosso artigo aqui na Business Portugal para obter 5% de desconto em seu Stand na Feira de Empreendedorismo e Franchising de 2017!<\/p>\n<p>O Sal\u00e3o de Franchising contar\u00e1 com a presen\u00e7a e o apoio dos principais franchisadores do mercado portugu\u00eas.<\/p>\n<p>Se ainda n\u00e3o se inscreveu registe-se gratuitamente em <a href=\"http:\/\/www.empreendedor.com\/\">www.empreendedor.com\/feflisboa<\/a> para acesso ao evento e \u00e0s suas actividades. Para mais informa\u00e7\u00e3o consulte o site do evento em <a href=\"http:\/\/www.fef.com.pt\">www.fef.com.pt<\/a>\u00a0ou envie-nos uma mensagem.<\/p>\n<p>&nbsp;<\/p>\n<p>N\u00f3s da Business Portugal\u00a0encontramos-nos todos l\u00e1 nos dias 24 e 25 de Mar\u00e7o para\u00a0Feira de Empreendedorismo e Franchising.<\/p>\n<p>N\u00e3o perca este evento para reunir e empreender em Portugal!<\/p>\n<p>&nbsp;<\/p>\n<p><!--more--><\/p>\n","protected":false},"excerpt":{"rendered":"<p>O Empreendedor e a Associa\u00e7\u00e3o Portuguesa de Franchising ir\u00e3o organizar, nos dias 24 e 25 de Mar\u00e7o de 2017, a FEF Lisboa 2017 &#8211; Feira de Empreendedorismo e Franchising. Este evento, que contar\u00e1 com o apoio da C\u00e2mara Municipal de Lisboa e a Cat\u00f3lica-Lisbon, tem a miss\u00e3o de assumir o seu importante relevo no panorama [&hellip;]<\/p>\n","protected":false},"author":2,"featured_media":221,"comment_status":"open","ping_status":"open","sticky":false,"template":"","format":"standard","meta":{"_exactmetrics_skip_tracking":false,"_exactmetrics_sitenote_active":false,"_exactmetrics_sitenote_note":"","_exactmetrics_sitenote_category":0,"footnotes":""},"categories":[3,7],"tags":[26,122,13,113,4,121,86,44,91],"class_list":["post-220","post","type-post","status-publish","format-standard","has-post-thumbnail","hentry","category-artigos","category-eventos","tag-business","tag-comunicar","tag-empreendedorismo","tag-empreender","tag-eventos","tag-franchising","tag-lisboa","tag-negocios","tag-portugal"],"yoast_head":"<!-- This site is optimized with the Yoast SEO plugin v27.5 - https:\/\/yoast.com\/product\/yoast-seo-wordpress\/ -->\n<title>FEF 2017 - Feira de Empreendedorismo e Franchising - Business Portugal<\/title>\n<meta name=\"description\" content=\"FEF 2017 - Feira de Empreendedorismo e Franchising - Business Portugal nos dias 24 e 25 de Mar\u00e7o no P\u00e1tio da Gal\u00e9 - Terreiro do Pa\u00e7o em Lisboa\" \/>\n<meta name=\"robots\" content=\"index, follow, max-snippet:-1, max-image-preview:large, max-video-preview:-1\" \/>\n<link rel=\"canonical\" href=\"https:\/\/businesspt.pt\/wpbpt\/fef-2017-feira-empreendedorismo-franchising\/\" \/>\n<meta property=\"og:locale\" content=\"pt_PT\" \/>\n<meta property=\"og:type\" content=\"article\" \/>\n<meta property=\"og:title\" content=\"FEF 2017 - Feira de Empreendedorismo e Franchising - Business Portugal\" \/>\n<meta property=\"og:description\" content=\"FEF 2017 - Feira de Empreendedorismo e Franchising - Business Portugal nos dias 24 e 25 de Mar\u00e7o no P\u00e1tio da Gal\u00e9 - Terreiro do Pa\u00e7o em Lisboa\" \/>\n<meta property=\"og:url\" content=\"https:\/\/businesspt.pt\/wpbpt\/fef-2017-feira-empreendedorismo-franchising\/\" \/>\n<meta property=\"og:site_name\" content=\"Business Portugal\" \/>\n<meta property=\"article:publisher\" content=\"http:\/\/www.facebook.com\/businessportugal\/\" \/>\n<meta property=\"article:author\" content=\"https:\/\/www.facebook.com\/1986andre\" \/>\n<meta property=\"article:published_time\" content=\"2017-01-16T19:51:48+00:00\" \/>\n<meta property=\"og:image\" content=\"https:\/\/businesspt.pt\/wpbpt\/wp-content\/uploads\/2017\/01\/site_partner_baner_fef_1.jpg\" \/>\n\t<meta property=\"og:image:width\" content=\"1533\" \/>\n\t<meta property=\"og:image:height\" content=\"433\" \/>\n\t<meta property=\"og:image:type\" content=\"image\/jpeg\" \/>\n<meta name=\"author\" content=\"Andr\u00e9 Almeida\" \/>\n<meta name=\"twitter:card\" content=\"summary_large_image\" \/>\n<meta name=\"twitter:label1\" content=\"Escrito por\" \/>\n\t<meta name=\"twitter:data1\" content=\"Andr\u00e9 Almeida\" \/>\n\t<meta name=\"twitter:label2\" content=\"Tempo estimado de leitura\" \/>\n\t<meta name=\"twitter:data2\" content=\"2 minutes\" \/>\n<script type=\"application\/ld+json\" class=\"yoast-schema-graph\">{\"@context\":\"https:\\\/\\\/schema.org\",\"@graph\":[{\"@type\":\"Article\",\"@id\":\"https:\\\/\\\/businesspt.pt\\\/wpbpt\\\/fef-2017-feira-empreendedorismo-franchising\\\/#article\",\"isPartOf\":{\"@id\":\"https:\\\/\\\/businesspt.pt\\\/wpbpt\\\/fef-2017-feira-empreendedorismo-franchising\\\/\"},\"author\":{\"name\":\"Andr\u00e9 Almeida\",\"@id\":\"https:\\\/\\\/businesspt.pt\\\/wpbpt\\\/#\\\/schema\\\/person\\\/0dfe035e0a818a3cb8964ce0423c381c\"},\"headline\":\"FEF 2017 &#8211; Feira de Empreendedorismo e Franchising\",\"datePublished\":\"2017-01-16T19:51:48+00:00\",\"mainEntityOfPage\":{\"@id\":\"https:\\\/\\\/businesspt.pt\\\/wpbpt\\\/fef-2017-feira-empreendedorismo-franchising\\\/\"},\"wordCount\":394,\"commentCount\":1,\"publisher\":{\"@id\":\"https:\\\/\\\/businesspt.pt\\\/wpbpt\\\/#organization\"},\"image\":{\"@id\":\"https:\\\/\\\/businesspt.pt\\\/wpbpt\\\/fef-2017-feira-empreendedorismo-franchising\\\/#primaryimage\"},\"thumbnailUrl\":\"https:\\\/\\\/businesspt.pt\\\/wpbpt\\\/wp-content\\\/uploads\\\/2017\\\/01\\\/site_partner_baner_fef_1.jpg\",\"keywords\":[\"business\",\"Comunicar\",\"Empreendedorismo\",\"empreender\",\"Eventos\",\"Franchising\",\"Lisboa\",\"neg\u00f3cios\",\"portugal\"],\"articleSection\":[\"Artigos\",\"Eventos\"],\"inLanguage\":\"pt-PT\",\"potentialAction\":[{\"@type\":\"CommentAction\",\"name\":\"Comment\",\"target\":[\"https:\\\/\\\/businesspt.pt\\\/wpbpt\\\/fef-2017-feira-empreendedorismo-franchising\\\/#respond\"]}]},{\"@type\":\"WebPage\",\"@id\":\"https:\\\/\\\/businesspt.pt\\\/wpbpt\\\/fef-2017-feira-empreendedorismo-franchising\\\/\",\"url\":\"https:\\\/\\\/businesspt.pt\\\/wpbpt\\\/fef-2017-feira-empreendedorismo-franchising\\\/\",\"name\":\"FEF 2017 - Feira de Empreendedorismo e Franchising - Business Portugal\",\"isPartOf\":{\"@id\":\"https:\\\/\\\/businesspt.pt\\\/wpbpt\\\/#website\"},\"primaryImageOfPage\":{\"@id\":\"https:\\\/\\\/businesspt.pt\\\/wpbpt\\\/fef-2017-feira-empreendedorismo-franchising\\\/#primaryimage\"},\"image\":{\"@id\":\"https:\\\/\\\/businesspt.pt\\\/wpbpt\\\/fef-2017-feira-empreendedorismo-franchising\\\/#primaryimage\"},\"thumbnailUrl\":\"https:\\\/\\\/businesspt.pt\\\/wpbpt\\\/wp-content\\\/uploads\\\/2017\\\/01\\\/site_partner_baner_fef_1.jpg\",\"datePublished\":\"2017-01-16T19:51:48+00:00\",\"description\":\"FEF 2017 - Feira de Empreendedorismo e Franchising - Business Portugal nos dias 24 e 25 de Mar\u00e7o no P\u00e1tio da Gal\u00e9 - Terreiro do Pa\u00e7o em Lisboa\",\"breadcrumb\":{\"@id\":\"https:\\\/\\\/businesspt.pt\\\/wpbpt\\\/fef-2017-feira-empreendedorismo-franchising\\\/#breadcrumb\"},\"inLanguage\":\"pt-PT\",\"potentialAction\":[{\"@type\":\"ReadAction\",\"target\":[\"https:\\\/\\\/businesspt.pt\\\/wpbpt\\\/fef-2017-feira-empreendedorismo-franchising\\\/\"]}]},{\"@type\":\"ImageObject\",\"inLanguage\":\"pt-PT\",\"@id\":\"https:\\\/\\\/businesspt.pt\\\/wpbpt\\\/fef-2017-feira-empreendedorismo-franchising\\\/#primaryimage\",\"url\":\"https:\\\/\\\/businesspt.pt\\\/wpbpt\\\/wp-content\\\/uploads\\\/2017\\\/01\\\/site_partner_baner_fef_1.jpg\",\"contentUrl\":\"https:\\\/\\\/businesspt.pt\\\/wpbpt\\\/wp-content\\\/uploads\\\/2017\\\/01\\\/site_partner_baner_fef_1.jpg\",\"width\":1533,\"height\":433,\"caption\":\"Feira de Empreendedorismo e\"},{\"@type\":\"BreadcrumbList\",\"@id\":\"https:\\\/\\\/businesspt.pt\\\/wpbpt\\\/fef-2017-feira-empreendedorismo-franchising\\\/#breadcrumb\",\"itemListElement\":[{\"@type\":\"ListItem\",\"position\":1,\"name\":\"Home\",\"item\":\"https:\\\/\\\/businesspt.pt\\\/wpbpt\\\/\"},{\"@type\":\"ListItem\",\"position\":2,\"name\":\"FEF 2017 &#8211; Feira de Empreendedorismo e Franchising\"}]},{\"@type\":\"WebSite\",\"@id\":\"https:\\\/\\\/businesspt.pt\\\/wpbpt\\\/#website\",\"url\":\"https:\\\/\\\/businesspt.pt\\\/wpbpt\\\/\",\"name\":\"Business Portugal\",\"description\":\"Business Portugal\",\"publisher\":{\"@id\":\"https:\\\/\\\/businesspt.pt\\\/wpbpt\\\/#organization\"},\"potentialAction\":[{\"@type\":\"SearchAction\",\"target\":{\"@type\":\"EntryPoint\",\"urlTemplate\":\"https:\\\/\\\/businesspt.pt\\\/wpbpt\\\/?s={search_term_string}\"},\"query-input\":{\"@type\":\"PropertyValueSpecification\",\"valueRequired\":true,\"valueName\":\"search_term_string\"}}],\"inLanguage\":\"pt-PT\"},{\"@type\":\"Organization\",\"@id\":\"https:\\\/\\\/businesspt.pt\\\/wpbpt\\\/#organization\",\"name\":\"ANDR\u00c9 LUIZ DE ALMEIDA - TECHNOLOGY CONSULTING, UNIPESSOAL, LDA\",\"url\":\"https:\\\/\\\/businesspt.pt\\\/wpbpt\\\/\",\"logo\":{\"@type\":\"ImageObject\",\"inLanguage\":\"pt-PT\",\"@id\":\"https:\\\/\\\/businesspt.pt\\\/wpbpt\\\/#\\\/schema\\\/logo\\\/image\\\/\",\"url\":\"https:\\\/\\\/businesspt.pt\\\/wpbpt\\\/wp-content\\\/uploads\\\/2015\\\/10\\\/bpt-icon.png\",\"contentUrl\":\"https:\\\/\\\/businesspt.pt\\\/wpbpt\\\/wp-content\\\/uploads\\\/2015\\\/10\\\/bpt-icon.png\",\"width\":512,\"height\":512,\"caption\":\"ANDR\u00c9 LUIZ DE ALMEIDA - TECHNOLOGY CONSULTING, UNIPESSOAL, LDA\"},\"image\":{\"@id\":\"https:\\\/\\\/businesspt.pt\\\/wpbpt\\\/#\\\/schema\\\/logo\\\/image\\\/\"},\"sameAs\":[\"http:\\\/\\\/www.facebook.com\\\/businessportugal\\\/\",\"http:\\\/\\\/bit.ly\\\/andrepmgr\"]},{\"@type\":\"Person\",\"@id\":\"https:\\\/\\\/businesspt.pt\\\/wpbpt\\\/#\\\/schema\\\/person\\\/0dfe035e0a818a3cb8964ce0423c381c\",\"name\":\"Andr\u00e9 Almeida\",\"image\":{\"@type\":\"ImageObject\",\"inLanguage\":\"pt-PT\",\"@id\":\"https:\\\/\\\/secure.gravatar.com\\\/avatar\\\/03d69fba3f613eb55580eb06ac37041f?s=96&d=mm&r=g\",\"url\":\"https:\\\/\\\/secure.gravatar.com\\\/avatar\\\/03d69fba3f613eb55580eb06ac37041f?s=96&d=mm&r=g\",\"contentUrl\":\"https:\\\/\\\/secure.gravatar.com\\\/avatar\\\/03d69fba3f613eb55580eb06ac37041f?s=96&d=mm&r=g\",\"caption\":\"Andr\u00e9 Almeida\"},\"description\":\"Andr\u00e9 Luiz de Almeida: Empreendedor Fundador da Business Portugal Lisbon City Chapter Director no Startup Grind Lisboa - Google for Entrepreneurs. Atuo a mais de 10 anos na \u00e1rea de tecnologia. Iniciei como curioso e com muita leitura sobre computadores e tecnologias do in\u00edcio dos anos 2000. Sim, mesmo atualmente, deve-se ler muito tamb\u00e9m Sou Formado em Eletr\u00f4nica (2005), Tecnico em Inform\u00e1tica (2007), Sistemas de Informa\u00e7\u00e3o (2011) e P\u00f3s-Graduado em Ger\u00eancia de Projetos (2014). Vivi fora do Brasil por 14 meses em Luanda, capital de Angola fornecendo Consultorias de implanta\u00e7\u00e3o de Softwares de Gest\u00e3o e hoje trabalho Liderando uma pequena equipe de Suporte e Cria\u00e7\u00e3o de Software ERP em Curitiba-PR e estou iniciando seu 1\u00ba empreendimento individual fora do Pa\u00eds. Nunca paro de estudar. A tecnologia e facilidades da internet e MOOCS nos possibilitam estar sempre atualizados e aprendendo novas coisas. Hobbies: Viajar, Ciclismo, Motociclismo e Automobilismo. Me contate no LinkedIn: bit.ly\\\/andrepmgr ou em contato@businesspt.pt\",\"sameAs\":[\"http:\\\/\\\/www.businesspt.pt\",\"https:\\\/\\\/www.facebook.com\\\/1986andre\"],\"url\":\"https:\\\/\\\/businesspt.pt\\\/wpbpt\\\/author\\\/andre\\\/\"}]}<\/script>\n<!-- \/ Yoast SEO plugin. -->","yoast_head_json":{"title":"FEF 2017 - Feira de Empreendedorismo e Franchising - Business Portugal","description":"FEF 2017 - Feira de Empreendedorismo e Franchising - Business Portugal nos dias 24 e 25 de Mar\u00e7o no P\u00e1tio da Gal\u00e9 - Terreiro do Pa\u00e7o em Lisboa","robots":{"index":"index","follow":"follow","max-snippet":"max-snippet:-1","max-image-preview":"max-image-preview:large","max-video-preview":"max-video-preview:-1"},"canonical":"https:\/\/businesspt.pt\/wpbpt\/fef-2017-feira-empreendedorismo-franchising\/","og_locale":"pt_PT","og_type":"article","og_title":"FEF 2017 - Feira de Empreendedorismo e Franchising - Business Portugal","og_description":"FEF 2017 - Feira de Empreendedorismo e Franchising - Business Portugal nos dias 24 e 25 de Mar\u00e7o no P\u00e1tio da Gal\u00e9 - Terreiro do Pa\u00e7o em Lisboa","og_url":"https:\/\/businesspt.pt\/wpbpt\/fef-2017-feira-empreendedorismo-franchising\/","og_site_name":"Business Portugal","article_publisher":"http:\/\/www.facebook.com\/businessportugal\/","article_author":"https:\/\/www.facebook.com\/1986andre","article_published_time":"2017-01-16T19:51:48+00:00","og_image":[{"width":1533,"height":433,"url":"https:\/\/businesspt.pt\/wpbpt\/wp-content\/uploads\/2017\/01\/site_partner_baner_fef_1.jpg","type":"image\/jpeg"}],"author":"Andr\u00e9 Almeida","twitter_card":"summary_large_image","twitter_misc":{"Escrito por":"Andr\u00e9 Almeida","Tempo estimado de leitura":"2 minutes"},"schema":{"@context":"https:\/\/schema.org","@graph":[{"@type":"Article","@id":"https:\/\/businesspt.pt\/wpbpt\/fef-2017-feira-empreendedorismo-franchising\/#article","isPartOf":{"@id":"https:\/\/businesspt.pt\/wpbpt\/fef-2017-feira-empreendedorismo-franchising\/"},"author":{"name":"Andr\u00e9 Almeida","@id":"https:\/\/businesspt.pt\/wpbpt\/#\/schema\/person\/0dfe035e0a818a3cb8964ce0423c381c"},"headline":"FEF 2017 &#8211; Feira de Empreendedorismo e Franchising","datePublished":"2017-01-16T19:51:48+00:00","mainEntityOfPage":{"@id":"https:\/\/businesspt.pt\/wpbpt\/fef-2017-feira-empreendedorismo-franchising\/"},"wordCount":394,"commentCount":1,"publisher":{"@id":"https:\/\/businesspt.pt\/wpbpt\/#organization"},"image":{"@id":"https:\/\/businesspt.pt\/wpbpt\/fef-2017-feira-empreendedorismo-franchising\/#primaryimage"},"thumbnailUrl":"https:\/\/businesspt.pt\/wpbpt\/wp-content\/uploads\/2017\/01\/site_partner_baner_fef_1.jpg","keywords":["business","Comunicar","Empreendedorismo","empreender","Eventos","Franchising","Lisboa","neg\u00f3cios","portugal"],"articleSection":["Artigos","Eventos"],"inLanguage":"pt-PT","potentialAction":[{"@type":"CommentAction","name":"Comment","target":["https:\/\/businesspt.pt\/wpbpt\/fef-2017-feira-empreendedorismo-franchising\/#respond"]}]},{"@type":"WebPage","@id":"https:\/\/businesspt.pt\/wpbpt\/fef-2017-feira-empreendedorismo-franchising\/","url":"https:\/\/businesspt.pt\/wpbpt\/fef-2017-feira-empreendedorismo-franchising\/","name":"FEF 2017 - Feira de Empreendedorismo e Franchising - Business Portugal","isPartOf":{"@id":"https:\/\/businesspt.pt\/wpbpt\/#website"},"primaryImageOfPage":{"@id":"https:\/\/businesspt.pt\/wpbpt\/fef-2017-feira-empreendedorismo-franchising\/#primaryimage"},"image":{"@id":"https:\/\/businesspt.pt\/wpbpt\/fef-2017-feira-empreendedorismo-franchising\/#primaryimage"},"thumbnailUrl":"https:\/\/businesspt.pt\/wpbpt\/wp-content\/uploads\/2017\/01\/site_partner_baner_fef_1.jpg","datePublished":"2017-01-16T19:51:48+00:00","description":"FEF 2017 - Feira de Empreendedorismo e Franchising - Business Portugal nos dias 24 e 25 de Mar\u00e7o no P\u00e1tio da Gal\u00e9 - Terreiro do Pa\u00e7o em Lisboa","breadcrumb":{"@id":"https:\/\/businesspt.pt\/wpbpt\/fef-2017-feira-empreendedorismo-franchising\/#breadcrumb"},"inLanguage":"pt-PT","potentialAction":[{"@type":"ReadAction","target":["https:\/\/businesspt.pt\/wpbpt\/fef-2017-feira-empreendedorismo-franchising\/"]}]},{"@type":"ImageObject","inLanguage":"pt-PT","@id":"https:\/\/businesspt.pt\/wpbpt\/fef-2017-feira-empreendedorismo-franchising\/#primaryimage","url":"https:\/\/businesspt.pt\/wpbpt\/wp-content\/uploads\/2017\/01\/site_partner_baner_fef_1.jpg","contentUrl":"https:\/\/businesspt.pt\/wpbpt\/wp-content\/uploads\/2017\/01\/site_partner_baner_fef_1.jpg","width":1533,"height":433,"caption":"Feira de Empreendedorismo e"},{"@type":"BreadcrumbList","@id":"https:\/\/businesspt.pt\/wpbpt\/fef-2017-feira-empreendedorismo-franchising\/#breadcrumb","itemListElement":[{"@type":"ListItem","position":1,"name":"Home","item":"https:\/\/businesspt.pt\/wpbpt\/"},{"@type":"ListItem","position":2,"name":"FEF 2017 &#8211; Feira de Empreendedorismo e Franchising"}]},{"@type":"WebSite","@id":"https:\/\/businesspt.pt\/wpbpt\/#website","url":"https:\/\/businesspt.pt\/wpbpt\/","name":"Business Portugal","description":"Business Portugal","publisher":{"@id":"https:\/\/businesspt.pt\/wpbpt\/#organization"},"potentialAction":[{"@type":"SearchAction","target":{"@type":"EntryPoint","urlTemplate":"https:\/\/businesspt.pt\/wpbpt\/?s={search_term_string}"},"query-input":{"@type":"PropertyValueSpecification","valueRequired":true,"valueName":"search_term_string"}}],"inLanguage":"pt-PT"},{"@type":"Organization","@id":"https:\/\/businesspt.pt\/wpbpt\/#organization","name":"ANDR\u00c9 LUIZ DE ALMEIDA - TECHNOLOGY CONSULTING, UNIPESSOAL, LDA","url":"https:\/\/businesspt.pt\/wpbpt\/","logo":{"@type":"ImageObject","inLanguage":"pt-PT","@id":"https:\/\/businesspt.pt\/wpbpt\/#\/schema\/logo\/image\/","url":"https:\/\/businesspt.pt\/wpbpt\/wp-content\/uploads\/2015\/10\/bpt-icon.png","contentUrl":"https:\/\/businesspt.pt\/wpbpt\/wp-content\/uploads\/2015\/10\/bpt-icon.png","width":512,"height":512,"caption":"ANDR\u00c9 LUIZ DE ALMEIDA - TECHNOLOGY CONSULTING, UNIPESSOAL, LDA"},"image":{"@id":"https:\/\/businesspt.pt\/wpbpt\/#\/schema\/logo\/image\/"},"sameAs":["http:\/\/www.facebook.com\/businessportugal\/","http:\/\/bit.ly\/andrepmgr"]},{"@type":"Person","@id":"https:\/\/businesspt.pt\/wpbpt\/#\/schema\/person\/0dfe035e0a818a3cb8964ce0423c381c","name":"Andr\u00e9 Almeida","image":{"@type":"ImageObject","inLanguage":"pt-PT","@id":"https:\/\/secure.gravatar.com\/avatar\/03d69fba3f613eb55580eb06ac37041f?s=96&d=mm&r=g","url":"https:\/\/secure.gravatar.com\/avatar\/03d69fba3f613eb55580eb06ac37041f?s=96&d=mm&r=g","contentUrl":"https:\/\/secure.gravatar.com\/avatar\/03d69fba3f613eb55580eb06ac37041f?s=96&d=mm&r=g","caption":"Andr\u00e9 Almeida"},"description":"Andr\u00e9 Luiz de Almeida: Empreendedor Fundador da Business Portugal Lisbon City Chapter Director no Startup Grind Lisboa - Google for Entrepreneurs. Atuo a mais de 10 anos na \u00e1rea de tecnologia. Iniciei como curioso e com muita leitura sobre computadores e tecnologias do in\u00edcio dos anos 2000. Sim, mesmo atualmente, deve-se ler muito tamb\u00e9m Sou Formado em Eletr\u00f4nica (2005), Tecnico em Inform\u00e1tica (2007), Sistemas de Informa\u00e7\u00e3o (2011) e P\u00f3s-Graduado em Ger\u00eancia de Projetos (2014). Vivi fora do Brasil por 14 meses em Luanda, capital de Angola fornecendo Consultorias de implanta\u00e7\u00e3o de Softwares de Gest\u00e3o e hoje trabalho Liderando uma pequena equipe de Suporte e Cria\u00e7\u00e3o de Software ERP em Curitiba-PR e estou iniciando seu 1\u00ba empreendimento individual fora do Pa\u00eds. Nunca paro de estudar. A tecnologia e facilidades da internet e MOOCS nos possibilitam estar sempre atualizados e aprendendo novas coisas. Hobbies: Viajar, Ciclismo, Motociclismo e Automobilismo. Me contate no LinkedIn: bit.ly\/andrepmgr ou em contato@businesspt.pt","sameAs":["http:\/\/www.businesspt.pt","https:\/\/www.facebook.com\/1986andre"],"url":"https:\/\/businesspt.pt\/wpbpt\/author\/andre\/"}]}},"_links":{"self":[{"href":"https:\/\/businesspt.pt\/wpbpt\/wp-json\/wp\/v2\/posts\/220","targetHints":{"allow":["GET"]}}],"collection":[{"href":"https:\/\/businesspt.pt\/wpbpt\/wp-json\/wp\/v2\/posts"}],"about":[{"href":"https:\/\/businesspt.pt\/wpbpt\/wp-json\/wp\/v2\/types\/post"}],"author":[{"embeddable":true,"href":"https:\/\/businesspt.pt\/wpbpt\/wp-json\/wp\/v2\/users\/2"}],"replies":[{"embeddable":true,"href":"https:\/\/businesspt.pt\/wpbpt\/wp-json\/wp\/v2\/comments?post=220"}],"version-history":[{"count":3,"href":"https:\/\/businesspt.pt\/wpbpt\/wp-json\/wp\/v2\/posts\/220\/revisions"}],"predecessor-version":[{"id":225,"href":"https:\/\/businesspt.pt\/wpbpt\/wp-json\/wp\/v2\/posts\/220\/revisions\/225"}],"wp:featuredmedia":[{"embeddable":true,"href":"https:\/\/businesspt.pt\/wpbpt\/wp-json\/wp\/v2\/media\/221"}],"wp:attachment":[{"href":"https:\/\/businesspt.pt\/wpbpt\/wp-json\/wp\/v2\/media?parent=220"}],"wp:term":[{"taxonomy":"category","embeddable":true,"href":"https:\/\/businesspt.pt\/wpbpt\/wp-json\/wp\/v2\/categories?post=220"},{"taxonomy":"post_tag","embeddable":true,"href":"https:\/\/businesspt.pt\/wpbpt\/wp-json\/wp\/v2\/tags?post=220"}],"curies":[{"name":"wp","href":"https:\/\/api.w.org\/{rel}","templated":true}]}}