{"id":125,"date":"2015-12-24T18:22:35","date_gmt":"2015-12-24T17:22:35","guid":{"rendered":"http:\/\/businesspt.pt\/wpbpt\/?p=125"},"modified":"2015-12-24T18:22:35","modified_gmt":"2015-12-24T17:22:35","slug":"reflexoes-projecoes-futuras-e-novos-horizontes","status":"publish","type":"post","link":"https:\/\/businesspt.pt\/wpbpt\/reflexoes-projecoes-futuras-e-novos-horizontes\/","title":{"rendered":"Reflex\u00f5es Proje\u00e7\u00f5es Futuras e novos Horizontes"},"content":{"rendered":"<p><strong>O Final do Ano: Reflex\u00f5es Proje\u00e7\u00f5es Futuras e novos Horizontes<\/strong><\/p>\n<p>&nbsp;<\/p>\n<p>O Final do Ano \u00e9 aquele momento em que normalmente diminui-se o ritmo de trabalho, se faz uma an\u00e1lise do ano que passou, d\u00e1-se uma conferida naquela lista de objetivos, tanto pessoais e profissionais do in\u00edcio do ano e se faz o balan\u00e7o de como foi este ano que se finda para que se planeje o pr\u00f3ximo que est\u00e1 por vir.<\/p>\n<p>Isso \u00e9 algo bastante comum, mas muito positivo para as pessoas. H\u00e1 que se observar com cuidado os altos e baixos de cada passo, de cada atividade, de cada empreendimento efetuado neste ano: Respirar fundo e se lan\u00e7ar ao novo ano que est\u00e1 por vir.<\/p>\n<p>&nbsp;<\/p>\n<p>\u00c9 a hora de se utilizar do espa\u00e7o de tempo proveniente desta pausa nas atividades para recarregar as energias, descansar, analisar melhor todas as op\u00e7\u00f5es que est\u00e3o por vir e principalmente, por em nota tudo que se deseja realizar para este futuro pr\u00f3ximo.<\/p>\n<p>Deixamos aqui nossos votos de um ano de 2016 de novos horizontes a serem explorados, de muito planejamento consciente das possibilidades e oportunidades que podem ser abra\u00e7adas e de muita reflex\u00e3o sobre tudo que passou, foi aprendido e evoluiu em 2015 para que seja levado a 2016 tudo de positivo e a experi\u00eancia adquirida para um \u00f3timo ano.<\/p>\n<p>Boas festas e um \u00f3timo 2016 para todos. Seja Profissional Pessoal, acad\u00eamico, mas que seja cheio de realiza\u00e7\u00f5es e conquistas s\u00e3o os nossos votos da Business Portugal&#8230;<\/p>\n<p>e que venham as\u00a0Reflex\u00f5es Proje\u00e7\u00f5es Futuras e novos Horizontes&#8230;<\/p>\n<p>&nbsp;<\/p>\n<div id=\"attachment_127\" style=\"width: 415px\" class=\"wp-caption alignnone\"><a href=\"http:\/\/businesspt.pt\/wpbpt\/wp-content\/uploads\/2015\/12\/2015-2016-Salto-Business-Portugal.jpg\" rel=\"attachment wp-att-127\"><img loading=\"lazy\" decoding=\"async\" aria-describedby=\"caption-attachment-127\" class=\" wp-image-127\" src=\"http:\/\/businesspt.pt\/wpbpt\/wp-content\/uploads\/2015\/12\/2015-2016-Salto-Business-Portugal.jpg\" alt=\"2015-2016 Salto Business Portugal\" width=\"405\" height=\"325\" \/><\/a><p id=\"caption-attachment-127\" class=\"wp-caption-text\">2015-2016 Salto Business Portugal<\/p><\/div>\n","protected":false},"excerpt":{"rendered":"<p>O Final do Ano: Reflex\u00f5es Proje\u00e7\u00f5es Futuras e novos Horizontes &nbsp; O Final do Ano \u00e9 aquele momento em que normalmente diminui-se o ritmo de trabalho, se faz uma an\u00e1lise do ano que passou, d\u00e1-se uma conferida naquela lista de objetivos, tanto pessoais e profissionais do in\u00edcio do ano e se faz o balan\u00e7o de [&hellip;]<\/p>\n","protected":false},"author":2,"featured_media":126,"comment_status":"open","ping_status":"open","sticky":false,"template":"","format":"standard","meta":{"_exactmetrics_skip_tracking":false,"_exactmetrics_sitenote_active":false,"_exactmetrics_sitenote_note":"","_exactmetrics_sitenote_category":0,"footnotes":""},"categories":[3],"tags":[68,75,69,72,74,73,45,46,70,71],"class_list":["post-125","post","type-post","status-publish","format-standard","has-post-thumbnail","hentry","category-artigos","tag-ano-novo","tag-business-portugal","tag-final-de-ano","tag-futuro","tag-horizontes","tag-novos-horizontes","tag-pessoas","tag-planejamento","tag-projecoes","tag-reflexoes"],"yoast_head":"<!-- This site is optimized with the Yoast SEO plugin v27.5 - https:\/\/yoast.com\/product\/yoast-seo-wordpress\/ -->\n<title>Reflex\u00f5es Proje\u00e7\u00f5es Futuras e novos Horizontes - Business Portugal<\/title>\n<meta name=\"robots\" content=\"index, follow, max-snippet:-1, max-image-preview:large, max-video-preview:-1\" \/>\n<link rel=\"canonical\" href=\"https:\/\/businesspt.pt\/wpbpt\/reflexoes-projecoes-futuras-e-novos-horizontes\/\" \/>\n<meta property=\"og:locale\" content=\"pt_PT\" \/>\n<meta property=\"og:type\" content=\"article\" \/>\n<meta property=\"og:title\" content=\"Reflex\u00f5es Proje\u00e7\u00f5es Futuras e novos Horizontes - Business Portugal\" \/>\n<meta property=\"og:description\" content=\"O Final do Ano: Reflex\u00f5es Proje\u00e7\u00f5es Futuras e novos Horizontes &nbsp; O Final do Ano \u00e9 aquele momento em que normalmente diminui-se o ritmo de trabalho, se faz uma an\u00e1lise do ano que passou, d\u00e1-se uma conferida naquela lista de objetivos, tanto pessoais e profissionais do in\u00edcio do ano e se faz o balan\u00e7o de [&hellip;]\" \/>\n<meta property=\"og:url\" content=\"https:\/\/businesspt.pt\/wpbpt\/reflexoes-projecoes-futuras-e-novos-horizontes\/\" \/>\n<meta property=\"og:site_name\" content=\"Business Portugal\" \/>\n<meta property=\"article:publisher\" content=\"http:\/\/www.facebook.com\/businessportugal\/\" \/>\n<meta property=\"article:author\" content=\"https:\/\/www.facebook.com\/1986andre\" \/>\n<meta property=\"article:published_time\" content=\"2015-12-24T17:22:35+00:00\" \/>\n<meta property=\"og:image\" content=\"http:\/\/businesspt.pt\/wpbpt\/wp-content\/uploads\/2015\/12\/2015-2016.png\" \/>\n\t<meta property=\"og:image:width\" content=\"684\" \/>\n\t<meta property=\"og:image:height\" content=\"247\" \/>\n\t<meta property=\"og:image:type\" content=\"image\/png\" \/>\n<meta name=\"author\" content=\"Andr\u00e9 Almeida\" \/>\n<meta name=\"twitter:card\" content=\"summary_large_image\" \/>\n<meta name=\"twitter:label1\" content=\"Escrito por\" \/>\n\t<meta name=\"twitter:data1\" content=\"Andr\u00e9 Almeida\" \/>\n\t<meta name=\"twitter:label2\" content=\"Tempo estimado de leitura\" \/>\n\t<meta name=\"twitter:data2\" content=\"1 minute\" \/>\n<script type=\"application\/ld+json\" class=\"yoast-schema-graph\">{\"@context\":\"https:\\\/\\\/schema.org\",\"@graph\":[{\"@type\":\"Article\",\"@id\":\"https:\\\/\\\/businesspt.pt\\\/wpbpt\\\/reflexoes-projecoes-futuras-e-novos-horizontes\\\/#article\",\"isPartOf\":{\"@id\":\"https:\\\/\\\/businesspt.pt\\\/wpbpt\\\/reflexoes-projecoes-futuras-e-novos-horizontes\\\/\"},\"author\":{\"name\":\"Andr\u00e9 Almeida\",\"@id\":\"https:\\\/\\\/businesspt.pt\\\/wpbpt\\\/#\\\/schema\\\/person\\\/0dfe035e0a818a3cb8964ce0423c381c\"},\"headline\":\"Reflex\u00f5es Proje\u00e7\u00f5es Futuras e novos Horizontes\",\"datePublished\":\"2015-12-24T17:22:35+00:00\",\"mainEntityOfPage\":{\"@id\":\"https:\\\/\\\/businesspt.pt\\\/wpbpt\\\/reflexoes-projecoes-futuras-e-novos-horizontes\\\/\"},\"wordCount\":289,\"commentCount\":0,\"publisher\":{\"@id\":\"https:\\\/\\\/businesspt.pt\\\/wpbpt\\\/#organization\"},\"image\":{\"@id\":\"https:\\\/\\\/businesspt.pt\\\/wpbpt\\\/reflexoes-projecoes-futuras-e-novos-horizontes\\\/#primaryimage\"},\"thumbnailUrl\":\"https:\\\/\\\/businesspt.pt\\\/wpbpt\\\/wp-content\\\/uploads\\\/2015\\\/12\\\/2015-2016.png\",\"keywords\":[\"ano novo\",\"business portugal\",\"final de ano\",\"futuro\",\"horizontes\",\"novos horizontes\",\"Pessoas\",\"planejamento\",\"proje\u00e7\u00f5es\",\"reflex\u00f5es\"],\"articleSection\":[\"Artigos\"],\"inLanguage\":\"pt-PT\",\"potentialAction\":[{\"@type\":\"CommentAction\",\"name\":\"Comment\",\"target\":[\"https:\\\/\\\/businesspt.pt\\\/wpbpt\\\/reflexoes-projecoes-futuras-e-novos-horizontes\\\/#respond\"]}]},{\"@type\":\"WebPage\",\"@id\":\"https:\\\/\\\/businesspt.pt\\\/wpbpt\\\/reflexoes-projecoes-futuras-e-novos-horizontes\\\/\",\"url\":\"https:\\\/\\\/businesspt.pt\\\/wpbpt\\\/reflexoes-projecoes-futuras-e-novos-horizontes\\\/\",\"name\":\"Reflex\u00f5es Proje\u00e7\u00f5es Futuras e novos Horizontes - Business Portugal\",\"isPartOf\":{\"@id\":\"https:\\\/\\\/businesspt.pt\\\/wpbpt\\\/#website\"},\"primaryImageOfPage\":{\"@id\":\"https:\\\/\\\/businesspt.pt\\\/wpbpt\\\/reflexoes-projecoes-futuras-e-novos-horizontes\\\/#primaryimage\"},\"image\":{\"@id\":\"https:\\\/\\\/businesspt.pt\\\/wpbpt\\\/reflexoes-projecoes-futuras-e-novos-horizontes\\\/#primaryimage\"},\"thumbnailUrl\":\"https:\\\/\\\/businesspt.pt\\\/wpbpt\\\/wp-content\\\/uploads\\\/2015\\\/12\\\/2015-2016.png\",\"datePublished\":\"2015-12-24T17:22:35+00:00\",\"breadcrumb\":{\"@id\":\"https:\\\/\\\/businesspt.pt\\\/wpbpt\\\/reflexoes-projecoes-futuras-e-novos-horizontes\\\/#breadcrumb\"},\"inLanguage\":\"pt-PT\",\"potentialAction\":[{\"@type\":\"ReadAction\",\"target\":[\"https:\\\/\\\/businesspt.pt\\\/wpbpt\\\/reflexoes-projecoes-futuras-e-novos-horizontes\\\/\"]}]},{\"@type\":\"ImageObject\",\"inLanguage\":\"pt-PT\",\"@id\":\"https:\\\/\\\/businesspt.pt\\\/wpbpt\\\/reflexoes-projecoes-futuras-e-novos-horizontes\\\/#primaryimage\",\"url\":\"https:\\\/\\\/businesspt.pt\\\/wpbpt\\\/wp-content\\\/uploads\\\/2015\\\/12\\\/2015-2016.png\",\"contentUrl\":\"https:\\\/\\\/businesspt.pt\\\/wpbpt\\\/wp-content\\\/uploads\\\/2015\\\/12\\\/2015-2016.png\",\"width\":684,\"height\":247,\"caption\":\"2015-2016-Business Portugal\"},{\"@type\":\"BreadcrumbList\",\"@id\":\"https:\\\/\\\/businesspt.pt\\\/wpbpt\\\/reflexoes-projecoes-futuras-e-novos-horizontes\\\/#breadcrumb\",\"itemListElement\":[{\"@type\":\"ListItem\",\"position\":1,\"name\":\"Home\",\"item\":\"https:\\\/\\\/businesspt.pt\\\/wpbpt\\\/\"},{\"@type\":\"ListItem\",\"position\":2,\"name\":\"Reflex\u00f5es Proje\u00e7\u00f5es Futuras e novos Horizontes\"}]},{\"@type\":\"WebSite\",\"@id\":\"https:\\\/\\\/businesspt.pt\\\/wpbpt\\\/#website\",\"url\":\"https:\\\/\\\/businesspt.pt\\\/wpbpt\\\/\",\"name\":\"Business Portugal\",\"description\":\"Business Portugal\",\"publisher\":{\"@id\":\"https:\\\/\\\/businesspt.pt\\\/wpbpt\\\/#organization\"},\"potentialAction\":[{\"@type\":\"SearchAction\",\"target\":{\"@type\":\"EntryPoint\",\"urlTemplate\":\"https:\\\/\\\/businesspt.pt\\\/wpbpt\\\/?s={search_term_string}\"},\"query-input\":{\"@type\":\"PropertyValueSpecification\",\"valueRequired\":true,\"valueName\":\"search_term_string\"}}],\"inLanguage\":\"pt-PT\"},{\"@type\":\"Organization\",\"@id\":\"https:\\\/\\\/businesspt.pt\\\/wpbpt\\\/#organization\",\"name\":\"ANDR\u00c9 LUIZ DE ALMEIDA - TECHNOLOGY CONSULTING, UNIPESSOAL, LDA\",\"url\":\"https:\\\/\\\/businesspt.pt\\\/wpbpt\\\/\",\"logo\":{\"@type\":\"ImageObject\",\"inLanguage\":\"pt-PT\",\"@id\":\"https:\\\/\\\/businesspt.pt\\\/wpbpt\\\/#\\\/schema\\\/logo\\\/image\\\/\",\"url\":\"https:\\\/\\\/businesspt.pt\\\/wpbpt\\\/wp-content\\\/uploads\\\/2015\\\/10\\\/bpt-icon.png\",\"contentUrl\":\"https:\\\/\\\/businesspt.pt\\\/wpbpt\\\/wp-content\\\/uploads\\\/2015\\\/10\\\/bpt-icon.png\",\"width\":512,\"height\":512,\"caption\":\"ANDR\u00c9 LUIZ DE ALMEIDA - TECHNOLOGY CONSULTING, UNIPESSOAL, LDA\"},\"image\":{\"@id\":\"https:\\\/\\\/businesspt.pt\\\/wpbpt\\\/#\\\/schema\\\/logo\\\/image\\\/\"},\"sameAs\":[\"http:\\\/\\\/www.facebook.com\\\/businessportugal\\\/\",\"http:\\\/\\\/bit.ly\\\/andrepmgr\"]},{\"@type\":\"Person\",\"@id\":\"https:\\\/\\\/businesspt.pt\\\/wpbpt\\\/#\\\/schema\\\/person\\\/0dfe035e0a818a3cb8964ce0423c381c\",\"name\":\"Andr\u00e9 Almeida\",\"image\":{\"@type\":\"ImageObject\",\"inLanguage\":\"pt-PT\",\"@id\":\"https:\\\/\\\/secure.gravatar.com\\\/avatar\\\/03d69fba3f613eb55580eb06ac37041f?s=96&d=mm&r=g\",\"url\":\"https:\\\/\\\/secure.gravatar.com\\\/avatar\\\/03d69fba3f613eb55580eb06ac37041f?s=96&d=mm&r=g\",\"contentUrl\":\"https:\\\/\\\/secure.gravatar.com\\\/avatar\\\/03d69fba3f613eb55580eb06ac37041f?s=96&d=mm&r=g\",\"caption\":\"Andr\u00e9 Almeida\"},\"description\":\"Andr\u00e9 Luiz de Almeida: Empreendedor Fundador da Business Portugal Lisbon City Chapter Director no Startup Grind Lisboa - Google for Entrepreneurs. Atuo a mais de 10 anos na \u00e1rea de tecnologia. Iniciei como curioso e com muita leitura sobre computadores e tecnologias do in\u00edcio dos anos 2000. Sim, mesmo atualmente, deve-se ler muito tamb\u00e9m Sou Formado em Eletr\u00f4nica (2005), Tecnico em Inform\u00e1tica (2007), Sistemas de Informa\u00e7\u00e3o (2011) e P\u00f3s-Graduado em Ger\u00eancia de Projetos (2014). Vivi fora do Brasil por 14 meses em Luanda, capital de Angola fornecendo Consultorias de implanta\u00e7\u00e3o de Softwares de Gest\u00e3o e hoje trabalho Liderando uma pequena equipe de Suporte e Cria\u00e7\u00e3o de Software ERP em Curitiba-PR e estou iniciando seu 1\u00ba empreendimento individual fora do Pa\u00eds. Nunca paro de estudar. A tecnologia e facilidades da internet e MOOCS nos possibilitam estar sempre atualizados e aprendendo novas coisas. Hobbies: Viajar, Ciclismo, Motociclismo e Automobilismo. Me contate no LinkedIn: bit.ly\\\/andrepmgr ou em contato@businesspt.pt\",\"sameAs\":[\"http:\\\/\\\/www.businesspt.pt\",\"https:\\\/\\\/www.facebook.com\\\/1986andre\"],\"url\":\"https:\\\/\\\/businesspt.pt\\\/wpbpt\\\/author\\\/andre\\\/\"}]}<\/script>\n<!-- \/ Yoast SEO plugin. -->","yoast_head_json":{"title":"Reflex\u00f5es Proje\u00e7\u00f5es Futuras e novos Horizontes - Business Portugal","robots":{"index":"index","follow":"follow","max-snippet":"max-snippet:-1","max-image-preview":"max-image-preview:large","max-video-preview":"max-video-preview:-1"},"canonical":"https:\/\/businesspt.pt\/wpbpt\/reflexoes-projecoes-futuras-e-novos-horizontes\/","og_locale":"pt_PT","og_type":"article","og_title":"Reflex\u00f5es Proje\u00e7\u00f5es Futuras e novos Horizontes - Business Portugal","og_description":"O Final do Ano: Reflex\u00f5es Proje\u00e7\u00f5es Futuras e novos Horizontes &nbsp; O Final do Ano \u00e9 aquele momento em que normalmente diminui-se o ritmo de trabalho, se faz uma an\u00e1lise do ano que passou, d\u00e1-se uma conferida naquela lista de objetivos, tanto pessoais e profissionais do in\u00edcio do ano e se faz o balan\u00e7o de [&hellip;]","og_url":"https:\/\/businesspt.pt\/wpbpt\/reflexoes-projecoes-futuras-e-novos-horizontes\/","og_site_name":"Business Portugal","article_publisher":"http:\/\/www.facebook.com\/businessportugal\/","article_author":"https:\/\/www.facebook.com\/1986andre","article_published_time":"2015-12-24T17:22:35+00:00","og_image":[{"width":684,"height":247,"url":"http:\/\/businesspt.pt\/wpbpt\/wp-content\/uploads\/2015\/12\/2015-2016.png","type":"image\/png"}],"author":"Andr\u00e9 Almeida","twitter_card":"summary_large_image","twitter_misc":{"Escrito por":"Andr\u00e9 Almeida","Tempo estimado de leitura":"1 minute"},"schema":{"@context":"https:\/\/schema.org","@graph":[{"@type":"Article","@id":"https:\/\/businesspt.pt\/wpbpt\/reflexoes-projecoes-futuras-e-novos-horizontes\/#article","isPartOf":{"@id":"https:\/\/businesspt.pt\/wpbpt\/reflexoes-projecoes-futuras-e-novos-horizontes\/"},"author":{"name":"Andr\u00e9 Almeida","@id":"https:\/\/businesspt.pt\/wpbpt\/#\/schema\/person\/0dfe035e0a818a3cb8964ce0423c381c"},"headline":"Reflex\u00f5es Proje\u00e7\u00f5es Futuras e novos Horizontes","datePublished":"2015-12-24T17:22:35+00:00","mainEntityOfPage":{"@id":"https:\/\/businesspt.pt\/wpbpt\/reflexoes-projecoes-futuras-e-novos-horizontes\/"},"wordCount":289,"commentCount":0,"publisher":{"@id":"https:\/\/businesspt.pt\/wpbpt\/#organization"},"image":{"@id":"https:\/\/businesspt.pt\/wpbpt\/reflexoes-projecoes-futuras-e-novos-horizontes\/#primaryimage"},"thumbnailUrl":"https:\/\/businesspt.pt\/wpbpt\/wp-content\/uploads\/2015\/12\/2015-2016.png","keywords":["ano novo","business portugal","final de ano","futuro","horizontes","novos horizontes","Pessoas","planejamento","proje\u00e7\u00f5es","reflex\u00f5es"],"articleSection":["Artigos"],"inLanguage":"pt-PT","potentialAction":[{"@type":"CommentAction","name":"Comment","target":["https:\/\/businesspt.pt\/wpbpt\/reflexoes-projecoes-futuras-e-novos-horizontes\/#respond"]}]},{"@type":"WebPage","@id":"https:\/\/businesspt.pt\/wpbpt\/reflexoes-projecoes-futuras-e-novos-horizontes\/","url":"https:\/\/businesspt.pt\/wpbpt\/reflexoes-projecoes-futuras-e-novos-horizontes\/","name":"Reflex\u00f5es Proje\u00e7\u00f5es Futuras e novos Horizontes - Business Portugal","isPartOf":{"@id":"https:\/\/businesspt.pt\/wpbpt\/#website"},"primaryImageOfPage":{"@id":"https:\/\/businesspt.pt\/wpbpt\/reflexoes-projecoes-futuras-e-novos-horizontes\/#primaryimage"},"image":{"@id":"https:\/\/businesspt.pt\/wpbpt\/reflexoes-projecoes-futuras-e-novos-horizontes\/#primaryimage"},"thumbnailUrl":"https:\/\/businesspt.pt\/wpbpt\/wp-content\/uploads\/2015\/12\/2015-2016.png","datePublished":"2015-12-24T17:22:35+00:00","breadcrumb":{"@id":"https:\/\/businesspt.pt\/wpbpt\/reflexoes-projecoes-futuras-e-novos-horizontes\/#breadcrumb"},"inLanguage":"pt-PT","potentialAction":[{"@type":"ReadAction","target":["https:\/\/businesspt.pt\/wpbpt\/reflexoes-projecoes-futuras-e-novos-horizontes\/"]}]},{"@type":"ImageObject","inLanguage":"pt-PT","@id":"https:\/\/businesspt.pt\/wpbpt\/reflexoes-projecoes-futuras-e-novos-horizontes\/#primaryimage","url":"https:\/\/businesspt.pt\/wpbpt\/wp-content\/uploads\/2015\/12\/2015-2016.png","contentUrl":"https:\/\/businesspt.pt\/wpbpt\/wp-content\/uploads\/2015\/12\/2015-2016.png","width":684,"height":247,"caption":"2015-2016-Business Portugal"},{"@type":"BreadcrumbList","@id":"https:\/\/businesspt.pt\/wpbpt\/reflexoes-projecoes-futuras-e-novos-horizontes\/#breadcrumb","itemListElement":[{"@type":"ListItem","position":1,"name":"Home","item":"https:\/\/businesspt.pt\/wpbpt\/"},{"@type":"ListItem","position":2,"name":"Reflex\u00f5es Proje\u00e7\u00f5es Futuras e novos Horizontes"}]},{"@type":"WebSite","@id":"https:\/\/businesspt.pt\/wpbpt\/#website","url":"https:\/\/businesspt.pt\/wpbpt\/","name":"Business Portugal","description":"Business Portugal","publisher":{"@id":"https:\/\/businesspt.pt\/wpbpt\/#organization"},"potentialAction":[{"@type":"SearchAction","target":{"@type":"EntryPoint","urlTemplate":"https:\/\/businesspt.pt\/wpbpt\/?s={search_term_string}"},"query-input":{"@type":"PropertyValueSpecification","valueRequired":true,"valueName":"search_term_string"}}],"inLanguage":"pt-PT"},{"@type":"Organization","@id":"https:\/\/businesspt.pt\/wpbpt\/#organization","name":"ANDR\u00c9 LUIZ DE ALMEIDA - TECHNOLOGY CONSULTING, UNIPESSOAL, LDA","url":"https:\/\/businesspt.pt\/wpbpt\/","logo":{"@type":"ImageObject","inLanguage":"pt-PT","@id":"https:\/\/businesspt.pt\/wpbpt\/#\/schema\/logo\/image\/","url":"https:\/\/businesspt.pt\/wpbpt\/wp-content\/uploads\/2015\/10\/bpt-icon.png","contentUrl":"https:\/\/businesspt.pt\/wpbpt\/wp-content\/uploads\/2015\/10\/bpt-icon.png","width":512,"height":512,"caption":"ANDR\u00c9 LUIZ DE ALMEIDA - TECHNOLOGY CONSULTING, UNIPESSOAL, LDA"},"image":{"@id":"https:\/\/businesspt.pt\/wpbpt\/#\/schema\/logo\/image\/"},"sameAs":["http:\/\/www.facebook.com\/businessportugal\/","http:\/\/bit.ly\/andrepmgr"]},{"@type":"Person","@id":"https:\/\/businesspt.pt\/wpbpt\/#\/schema\/person\/0dfe035e0a818a3cb8964ce0423c381c","name":"Andr\u00e9 Almeida","image":{"@type":"ImageObject","inLanguage":"pt-PT","@id":"https:\/\/secure.gravatar.com\/avatar\/03d69fba3f613eb55580eb06ac37041f?s=96&d=mm&r=g","url":"https:\/\/secure.gravatar.com\/avatar\/03d69fba3f613eb55580eb06ac37041f?s=96&d=mm&r=g","contentUrl":"https:\/\/secure.gravatar.com\/avatar\/03d69fba3f613eb55580eb06ac37041f?s=96&d=mm&r=g","caption":"Andr\u00e9 Almeida"},"description":"Andr\u00e9 Luiz de Almeida: Empreendedor Fundador da Business Portugal Lisbon City Chapter Director no Startup Grind Lisboa - Google for Entrepreneurs. Atuo a mais de 10 anos na \u00e1rea de tecnologia. Iniciei como curioso e com muita leitura sobre computadores e tecnologias do in\u00edcio dos anos 2000. Sim, mesmo atualmente, deve-se ler muito tamb\u00e9m Sou Formado em Eletr\u00f4nica (2005), Tecnico em Inform\u00e1tica (2007), Sistemas de Informa\u00e7\u00e3o (2011) e P\u00f3s-Graduado em Ger\u00eancia de Projetos (2014). Vivi fora do Brasil por 14 meses em Luanda, capital de Angola fornecendo Consultorias de implanta\u00e7\u00e3o de Softwares de Gest\u00e3o e hoje trabalho Liderando uma pequena equipe de Suporte e Cria\u00e7\u00e3o de Software ERP em Curitiba-PR e estou iniciando seu 1\u00ba empreendimento individual fora do Pa\u00eds. Nunca paro de estudar. A tecnologia e facilidades da internet e MOOCS nos possibilitam estar sempre atualizados e aprendendo novas coisas. Hobbies: Viajar, Ciclismo, Motociclismo e Automobilismo. Me contate no LinkedIn: bit.ly\/andrepmgr ou em contato@businesspt.pt","sameAs":["http:\/\/www.businesspt.pt","https:\/\/www.facebook.com\/1986andre"],"url":"https:\/\/businesspt.pt\/wpbpt\/author\/andre\/"}]}},"_links":{"self":[{"href":"https:\/\/businesspt.pt\/wpbpt\/wp-json\/wp\/v2\/posts\/125","targetHints":{"allow":["GET"]}}],"collection":[{"href":"https:\/\/businesspt.pt\/wpbpt\/wp-json\/wp\/v2\/posts"}],"about":[{"href":"https:\/\/businesspt.pt\/wpbpt\/wp-json\/wp\/v2\/types\/post"}],"author":[{"embeddable":true,"href":"https:\/\/businesspt.pt\/wpbpt\/wp-json\/wp\/v2\/users\/2"}],"replies":[{"embeddable":true,"href":"https:\/\/businesspt.pt\/wpbpt\/wp-json\/wp\/v2\/comments?post=125"}],"version-history":[{"count":2,"href":"https:\/\/businesspt.pt\/wpbpt\/wp-json\/wp\/v2\/posts\/125\/revisions"}],"predecessor-version":[{"id":129,"href":"https:\/\/businesspt.pt\/wpbpt\/wp-json\/wp\/v2\/posts\/125\/revisions\/129"}],"wp:featuredmedia":[{"embeddable":true,"href":"https:\/\/businesspt.pt\/wpbpt\/wp-json\/wp\/v2\/media\/126"}],"wp:attachment":[{"href":"https:\/\/businesspt.pt\/wpbpt\/wp-json\/wp\/v2\/media?parent=125"}],"wp:term":[{"taxonomy":"category","embeddable":true,"href":"https:\/\/businesspt.pt\/wpbpt\/wp-json\/wp\/v2\/categories?post=125"},{"taxonomy":"post_tag","embeddable":true,"href":"https:\/\/businesspt.pt\/wpbpt\/wp-json\/wp\/v2\/tags?post=125"}],"curies":[{"name":"wp","href":"https:\/\/api.w.org\/{rel}","templated":true}]}}